{"id":258,"date":"2022-01-27T15:24:00","date_gmt":"2022-01-27T15:24:00","guid":{"rendered":"https:\/\/www.residenciacarrejo.es\/?p=258"},"modified":"2022-09-12T08:29:45","modified_gmt":"2022-09-12T08:29:45","slug":"dia-de-sol","status":"publish","type":"post","link":"https:\/\/www.residenciacarrejo.es\/index.php\/2022\/01\/27\/dia-de-sol\/","title":{"rendered":"D\u00eda de Sol"},"content":{"rendered":"\n<p>Hoy nuestros mayores han disfrutado de una ma\u00f1ana al sol.<\/p>\n\n\n\n<p>Aunque los d\u00edas en invierno sean grises, el tiempo nos ha dado una tregua, y nuestros residentes lo han aprovechado al m\u00e1ximo, siendo una ma\u00f1ana de actividades al sol. Los mayores afrontan estas actividades de forma m\u00e1s positivas, consiguiendo as\u00ed romper la rutina.<\/p>\n\n\n\n<p><\/p>\n","protected":false},"excerpt":{"rendered":"<p>Hoy nuestros mayores han disfrutado de una ma\u00f1ana al sol. Aunque los d\u00edas en invierno sean grises, el tiempo nos ha dado una tregua, y nuestros residentes lo han aprovechado al m\u00e1ximo, siendo una ma\u00f1ana de actividades al sol. Los mayores afrontan estas actividades de forma m\u00e1s positivas, consiguiendo as\u00ed romper la rutina.<\/p>\n","protected":false},"author":1,"featured_media":205,"comment_status":"open","ping_status":"open","sticky":false,"template":"","format":"standard","meta":{"footnotes":""},"categories":[1],"tags":[],"class_list":["post-258","post","type-post","status-publish","format-standard","has-post-thumbnail","hentry","category-sin-categoria"],"yoast_head":"<!-- This site is optimized with the Yoast SEO plugin v27.5 - https:\/\/yoast.com\/product\/yoast-seo-wordpress\/ -->\n<title>D\u00eda de Sol - RESIDENCIA en Carrejo CENTRO DE D\u00cdA &quot;SAGRADA FAMILIA&quot;.<\/title>\n<meta name=\"robots\" content=\"index, follow, max-snippet:-1, max-image-preview:large, max-video-preview:-1\" \/>\n<link rel=\"canonical\" href=\"https:\/\/www.residenciacarrejo.es\/index.php\/2022\/01\/27\/dia-de-sol\/\" \/>\n<meta property=\"og:locale\" content=\"es_ES\" \/>\n<meta property=\"og:type\" content=\"article\" \/>\n<meta property=\"og:title\" content=\"D\u00eda de Sol - RESIDENCIA en Carrejo CENTRO DE D\u00cdA &quot;SAGRADA FAMILIA&quot;.\" \/>\n<meta property=\"og:description\" content=\"Hoy nuestros mayores han disfrutado de una ma\u00f1ana al sol. Aunque los d\u00edas en invierno sean grises, el tiempo nos ha dado una tregua, y nuestros residentes lo han aprovechado al m\u00e1ximo, siendo una ma\u00f1ana de actividades al sol. Los mayores afrontan estas actividades de forma m\u00e1s positivas, consiguiendo as\u00ed romper la rutina.\" \/>\n<meta property=\"og:url\" content=\"https:\/\/www.residenciacarrejo.es\/index.php\/2022\/01\/27\/dia-de-sol\/\" \/>\n<meta property=\"og:site_name\" content=\"RESIDENCIA en Carrejo CENTRO DE D\u00cdA &quot;SAGRADA FAMILIA&quot;.\" \/>\n<meta property=\"article:published_time\" content=\"2022-01-27T15:24:00+00:00\" \/>\n<meta property=\"article:modified_time\" content=\"2022-09-12T08:29:45+00:00\" \/>\n<meta property=\"og:image\" content=\"https:\/\/www.residenciacarrejo.es\/wp-content\/uploads\/2021\/09\/residenciaencarrejo15.jpg\" \/>\n\t<meta property=\"og:image:width\" content=\"800\" \/>\n\t<meta property=\"og:image:height\" content=\"1200\" \/>\n\t<meta property=\"og:image:type\" content=\"image\/jpeg\" \/>\n<meta name=\"author\" content=\"admin\" \/>\n<meta name=\"twitter:card\" content=\"summary_large_image\" \/>\n<meta name=\"twitter:label1\" content=\"Escrito por\" \/>\n\t<meta name=\"twitter:data1\" content=\"admin\" \/>\n\t<meta name=\"twitter:label2\" content=\"Tiempo de lectura\" \/>\n\t<meta name=\"twitter:data2\" content=\"1 minuto\" \/>\n<script type=\"application\/ld+json\" class=\"yoast-schema-graph\">{\"@context\":\"https:\\\/\\\/schema.org\",\"@graph\":[{\"@type\":\"Article\",\"@id\":\"https:\\\/\\\/www.residenciacarrejo.es\\\/index.php\\\/2022\\\/01\\\/27\\\/dia-de-sol\\\/#article\",\"isPartOf\":{\"@id\":\"https:\\\/\\\/www.residenciacarrejo.es\\\/index.php\\\/2022\\\/01\\\/27\\\/dia-de-sol\\\/\"},\"author\":{\"name\":\"admin\",\"@id\":\"https:\\\/\\\/www.residenciacarrejo.es\\\/#\\\/schema\\\/person\\\/c006189f1da62f0490065d2543aaadbb\"},\"headline\":\"D\u00eda de Sol\",\"datePublished\":\"2022-01-27T15:24:00+00:00\",\"dateModified\":\"2022-09-12T08:29:45+00:00\",\"mainEntityOfPage\":{\"@id\":\"https:\\\/\\\/www.residenciacarrejo.es\\\/index.php\\\/2022\\\/01\\\/27\\\/dia-de-sol\\\/\"},\"wordCount\":62,\"commentCount\":0,\"publisher\":{\"@id\":\"https:\\\/\\\/www.residenciacarrejo.es\\\/#organization\"},\"image\":{\"@id\":\"https:\\\/\\\/www.residenciacarrejo.es\\\/index.php\\\/2022\\\/01\\\/27\\\/dia-de-sol\\\/#primaryimage\"},\"thumbnailUrl\":\"https:\\\/\\\/www.residenciacarrejo.es\\\/wp-content\\\/uploads\\\/2021\\\/09\\\/residenciaencarrejo15.jpg\",\"inLanguage\":\"es\",\"potentialAction\":[{\"@type\":\"CommentAction\",\"name\":\"Comment\",\"target\":[\"https:\\\/\\\/www.residenciacarrejo.es\\\/index.php\\\/2022\\\/01\\\/27\\\/dia-de-sol\\\/#respond\"]}]},{\"@type\":\"WebPage\",\"@id\":\"https:\\\/\\\/www.residenciacarrejo.es\\\/index.php\\\/2022\\\/01\\\/27\\\/dia-de-sol\\\/\",\"url\":\"https:\\\/\\\/www.residenciacarrejo.es\\\/index.php\\\/2022\\\/01\\\/27\\\/dia-de-sol\\\/\",\"name\":\"D\u00eda de Sol - RESIDENCIA en Carrejo CENTRO DE D\u00cdA &quot;SAGRADA FAMILIA&quot;.\",\"isPartOf\":{\"@id\":\"https:\\\/\\\/www.residenciacarrejo.es\\\/#website\"},\"primaryImageOfPage\":{\"@id\":\"https:\\\/\\\/www.residenciacarrejo.es\\\/index.php\\\/2022\\\/01\\\/27\\\/dia-de-sol\\\/#primaryimage\"},\"image\":{\"@id\":\"https:\\\/\\\/www.residenciacarrejo.es\\\/index.php\\\/2022\\\/01\\\/27\\\/dia-de-sol\\\/#primaryimage\"},\"thumbnailUrl\":\"https:\\\/\\\/www.residenciacarrejo.es\\\/wp-content\\\/uploads\\\/2021\\\/09\\\/residenciaencarrejo15.jpg\",\"datePublished\":\"2022-01-27T15:24:00+00:00\",\"dateModified\":\"2022-09-12T08:29:45+00:00\",\"breadcrumb\":{\"@id\":\"https:\\\/\\\/www.residenciacarrejo.es\\\/index.php\\\/2022\\\/01\\\/27\\\/dia-de-sol\\\/#breadcrumb\"},\"inLanguage\":\"es\",\"potentialAction\":[{\"@type\":\"ReadAction\",\"target\":[\"https:\\\/\\\/www.residenciacarrejo.es\\\/index.php\\\/2022\\\/01\\\/27\\\/dia-de-sol\\\/\"]}]},{\"@type\":\"ImageObject\",\"inLanguage\":\"es\",\"@id\":\"https:\\\/\\\/www.residenciacarrejo.es\\\/index.php\\\/2022\\\/01\\\/27\\\/dia-de-sol\\\/#primaryimage\",\"url\":\"https:\\\/\\\/www.residenciacarrejo.es\\\/wp-content\\\/uploads\\\/2021\\\/09\\\/residenciaencarrejo15.jpg\",\"contentUrl\":\"https:\\\/\\\/www.residenciacarrejo.es\\\/wp-content\\\/uploads\\\/2021\\\/09\\\/residenciaencarrejo15.jpg\",\"width\":800,\"height\":1200,\"caption\":\"residencia en carrejo\"},{\"@type\":\"BreadcrumbList\",\"@id\":\"https:\\\/\\\/www.residenciacarrejo.es\\\/index.php\\\/2022\\\/01\\\/27\\\/dia-de-sol\\\/#breadcrumb\",\"itemListElement\":[{\"@type\":\"ListItem\",\"position\":1,\"name\":\"Portada\",\"item\":\"https:\\\/\\\/www.residenciacarrejo.es\\\/\"},{\"@type\":\"ListItem\",\"position\":2,\"name\":\"D\u00eda de Sol\"}]},{\"@type\":\"WebSite\",\"@id\":\"https:\\\/\\\/www.residenciacarrejo.es\\\/#website\",\"url\":\"https:\\\/\\\/www.residenciacarrejo.es\\\/\",\"name\":\"RESIDENCIA en Carrejo CENTRO DE D\u00cdA &quot;SAGRADA FAMILIA&quot;.\",\"description\":\"Residencia Carrejo. Residencia y Centro de D\u00eda Sagrada Familia en Carrejo. Desde 1904.\",\"publisher\":{\"@id\":\"https:\\\/\\\/www.residenciacarrejo.es\\\/#organization\"},\"potentialAction\":[{\"@type\":\"SearchAction\",\"target\":{\"@type\":\"EntryPoint\",\"urlTemplate\":\"https:\\\/\\\/www.residenciacarrejo.es\\\/?s={search_term_string}\"},\"query-input\":{\"@type\":\"PropertyValueSpecification\",\"valueRequired\":true,\"valueName\":\"search_term_string\"}}],\"inLanguage\":\"es\"},{\"@type\":\"Organization\",\"@id\":\"https:\\\/\\\/www.residenciacarrejo.es\\\/#organization\",\"name\":\"RESIDENCIA en Carrejo CENTRO DE D\u00cdA &quot;SAGRADA FAMILIA&quot;.\",\"url\":\"https:\\\/\\\/www.residenciacarrejo.es\\\/\",\"logo\":{\"@type\":\"ImageObject\",\"inLanguage\":\"es\",\"@id\":\"https:\\\/\\\/www.residenciacarrejo.es\\\/#\\\/schema\\\/logo\\\/image\\\/\",\"url\":\"https:\\\/\\\/www.residenciacarrejo.es\\\/wp-content\\\/uploads\\\/2023\\\/11\\\/Residencia-Sagrada-Familia_color-scaled.jpg\",\"contentUrl\":\"https:\\\/\\\/www.residenciacarrejo.es\\\/wp-content\\\/uploads\\\/2023\\\/11\\\/Residencia-Sagrada-Familia_color-scaled.jpg\",\"width\":2560,\"height\":1440,\"caption\":\"RESIDENCIA en Carrejo CENTRO DE D\u00cdA &quot;SAGRADA FAMILIA&quot;.\"},\"image\":{\"@id\":\"https:\\\/\\\/www.residenciacarrejo.es\\\/#\\\/schema\\\/logo\\\/image\\\/\"}},{\"@type\":\"Person\",\"@id\":\"https:\\\/\\\/www.residenciacarrejo.es\\\/#\\\/schema\\\/person\\\/c006189f1da62f0490065d2543aaadbb\",\"name\":\"admin\",\"image\":{\"@type\":\"ImageObject\",\"inLanguage\":\"es\",\"@id\":\"https:\\\/\\\/secure.gravatar.com\\\/avatar\\\/f983960644a4b56e99c7fabad3325f71f3b5552b9c8f78f84c8792ce372b11f4?s=96&d=mm&r=g\",\"url\":\"https:\\\/\\\/secure.gravatar.com\\\/avatar\\\/f983960644a4b56e99c7fabad3325f71f3b5552b9c8f78f84c8792ce372b11f4?s=96&d=mm&r=g\",\"contentUrl\":\"https:\\\/\\\/secure.gravatar.com\\\/avatar\\\/f983960644a4b56e99c7fabad3325f71f3b5552b9c8f78f84c8792ce372b11f4?s=96&d=mm&r=g\",\"caption\":\"admin\"},\"sameAs\":[\"http:\\\/\\\/www.residenciacarrejo.es\"],\"url\":\"https:\\\/\\\/www.residenciacarrejo.es\\\/index.php\\\/author\\\/admin\\\/\"}]}<\/script>\n<!-- \/ Yoast SEO plugin. -->","yoast_head_json":{"title":"D\u00eda de Sol - RESIDENCIA en Carrejo CENTRO DE D\u00cdA &quot;SAGRADA FAMILIA&quot;.","robots":{"index":"index","follow":"follow","max-snippet":"max-snippet:-1","max-image-preview":"max-image-preview:large","max-video-preview":"max-video-preview:-1"},"canonical":"https:\/\/www.residenciacarrejo.es\/index.php\/2022\/01\/27\/dia-de-sol\/","og_locale":"es_ES","og_type":"article","og_title":"D\u00eda de Sol - RESIDENCIA en Carrejo CENTRO DE D\u00cdA &quot;SAGRADA FAMILIA&quot;.","og_description":"Hoy nuestros mayores han disfrutado de una ma\u00f1ana al sol. Aunque los d\u00edas en invierno sean grises, el tiempo nos ha dado una tregua, y nuestros residentes lo han aprovechado al m\u00e1ximo, siendo una ma\u00f1ana de actividades al sol. Los mayores afrontan estas actividades de forma m\u00e1s positivas, consiguiendo as\u00ed romper la rutina.","og_url":"https:\/\/www.residenciacarrejo.es\/index.php\/2022\/01\/27\/dia-de-sol\/","og_site_name":"RESIDENCIA en Carrejo CENTRO DE D\u00cdA &quot;SAGRADA FAMILIA&quot;.","article_published_time":"2022-01-27T15:24:00+00:00","article_modified_time":"2022-09-12T08:29:45+00:00","og_image":[{"width":800,"height":1200,"url":"https:\/\/www.residenciacarrejo.es\/wp-content\/uploads\/2021\/09\/residenciaencarrejo15.jpg","type":"image\/jpeg"}],"author":"admin","twitter_card":"summary_large_image","twitter_misc":{"Escrito por":"admin","Tiempo de lectura":"1 minuto"},"schema":{"@context":"https:\/\/schema.org","@graph":[{"@type":"Article","@id":"https:\/\/www.residenciacarrejo.es\/index.php\/2022\/01\/27\/dia-de-sol\/#article","isPartOf":{"@id":"https:\/\/www.residenciacarrejo.es\/index.php\/2022\/01\/27\/dia-de-sol\/"},"author":{"name":"admin","@id":"https:\/\/www.residenciacarrejo.es\/#\/schema\/person\/c006189f1da62f0490065d2543aaadbb"},"headline":"D\u00eda de Sol","datePublished":"2022-01-27T15:24:00+00:00","dateModified":"2022-09-12T08:29:45+00:00","mainEntityOfPage":{"@id":"https:\/\/www.residenciacarrejo.es\/index.php\/2022\/01\/27\/dia-de-sol\/"},"wordCount":62,"commentCount":0,"publisher":{"@id":"https:\/\/www.residenciacarrejo.es\/#organization"},"image":{"@id":"https:\/\/www.residenciacarrejo.es\/index.php\/2022\/01\/27\/dia-de-sol\/#primaryimage"},"thumbnailUrl":"https:\/\/www.residenciacarrejo.es\/wp-content\/uploads\/2021\/09\/residenciaencarrejo15.jpg","inLanguage":"es","potentialAction":[{"@type":"CommentAction","name":"Comment","target":["https:\/\/www.residenciacarrejo.es\/index.php\/2022\/01\/27\/dia-de-sol\/#respond"]}]},{"@type":"WebPage","@id":"https:\/\/www.residenciacarrejo.es\/index.php\/2022\/01\/27\/dia-de-sol\/","url":"https:\/\/www.residenciacarrejo.es\/index.php\/2022\/01\/27\/dia-de-sol\/","name":"D\u00eda de Sol - RESIDENCIA en Carrejo CENTRO DE D\u00cdA &quot;SAGRADA FAMILIA&quot;.","isPartOf":{"@id":"https:\/\/www.residenciacarrejo.es\/#website"},"primaryImageOfPage":{"@id":"https:\/\/www.residenciacarrejo.es\/index.php\/2022\/01\/27\/dia-de-sol\/#primaryimage"},"image":{"@id":"https:\/\/www.residenciacarrejo.es\/index.php\/2022\/01\/27\/dia-de-sol\/#primaryimage"},"thumbnailUrl":"https:\/\/www.residenciacarrejo.es\/wp-content\/uploads\/2021\/09\/residenciaencarrejo15.jpg","datePublished":"2022-01-27T15:24:00+00:00","dateModified":"2022-09-12T08:29:45+00:00","breadcrumb":{"@id":"https:\/\/www.residenciacarrejo.es\/index.php\/2022\/01\/27\/dia-de-sol\/#breadcrumb"},"inLanguage":"es","potentialAction":[{"@type":"ReadAction","target":["https:\/\/www.residenciacarrejo.es\/index.php\/2022\/01\/27\/dia-de-sol\/"]}]},{"@type":"ImageObject","inLanguage":"es","@id":"https:\/\/www.residenciacarrejo.es\/index.php\/2022\/01\/27\/dia-de-sol\/#primaryimage","url":"https:\/\/www.residenciacarrejo.es\/wp-content\/uploads\/2021\/09\/residenciaencarrejo15.jpg","contentUrl":"https:\/\/www.residenciacarrejo.es\/wp-content\/uploads\/2021\/09\/residenciaencarrejo15.jpg","width":800,"height":1200,"caption":"residencia en carrejo"},{"@type":"BreadcrumbList","@id":"https:\/\/www.residenciacarrejo.es\/index.php\/2022\/01\/27\/dia-de-sol\/#breadcrumb","itemListElement":[{"@type":"ListItem","position":1,"name":"Portada","item":"https:\/\/www.residenciacarrejo.es\/"},{"@type":"ListItem","position":2,"name":"D\u00eda de Sol"}]},{"@type":"WebSite","@id":"https:\/\/www.residenciacarrejo.es\/#website","url":"https:\/\/www.residenciacarrejo.es\/","name":"RESIDENCIA en Carrejo CENTRO DE D\u00cdA &quot;SAGRADA FAMILIA&quot;.","description":"Residencia Carrejo. Residencia y Centro de D\u00eda Sagrada Familia en Carrejo. Desde 1904.","publisher":{"@id":"https:\/\/www.residenciacarrejo.es\/#organization"},"potentialAction":[{"@type":"SearchAction","target":{"@type":"EntryPoint","urlTemplate":"https:\/\/www.residenciacarrejo.es\/?s={search_term_string}"},"query-input":{"@type":"PropertyValueSpecification","valueRequired":true,"valueName":"search_term_string"}}],"inLanguage":"es"},{"@type":"Organization","@id":"https:\/\/www.residenciacarrejo.es\/#organization","name":"RESIDENCIA en Carrejo CENTRO DE D\u00cdA &quot;SAGRADA FAMILIA&quot;.","url":"https:\/\/www.residenciacarrejo.es\/","logo":{"@type":"ImageObject","inLanguage":"es","@id":"https:\/\/www.residenciacarrejo.es\/#\/schema\/logo\/image\/","url":"https:\/\/www.residenciacarrejo.es\/wp-content\/uploads\/2023\/11\/Residencia-Sagrada-Familia_color-scaled.jpg","contentUrl":"https:\/\/www.residenciacarrejo.es\/wp-content\/uploads\/2023\/11\/Residencia-Sagrada-Familia_color-scaled.jpg","width":2560,"height":1440,"caption":"RESIDENCIA en Carrejo CENTRO DE D\u00cdA &quot;SAGRADA FAMILIA&quot;."},"image":{"@id":"https:\/\/www.residenciacarrejo.es\/#\/schema\/logo\/image\/"}},{"@type":"Person","@id":"https:\/\/www.residenciacarrejo.es\/#\/schema\/person\/c006189f1da62f0490065d2543aaadbb","name":"admin","image":{"@type":"ImageObject","inLanguage":"es","@id":"https:\/\/secure.gravatar.com\/avatar\/f983960644a4b56e99c7fabad3325f71f3b5552b9c8f78f84c8792ce372b11f4?s=96&d=mm&r=g","url":"https:\/\/secure.gravatar.com\/avatar\/f983960644a4b56e99c7fabad3325f71f3b5552b9c8f78f84c8792ce372b11f4?s=96&d=mm&r=g","contentUrl":"https:\/\/secure.gravatar.com\/avatar\/f983960644a4b56e99c7fabad3325f71f3b5552b9c8f78f84c8792ce372b11f4?s=96&d=mm&r=g","caption":"admin"},"sameAs":["http:\/\/www.residenciacarrejo.es"],"url":"https:\/\/www.residenciacarrejo.es\/index.php\/author\/admin\/"}]}},"_links":{"self":[{"href":"https:\/\/www.residenciacarrejo.es\/index.php\/wp-json\/wp\/v2\/posts\/258","targetHints":{"allow":["GET"]}}],"collection":[{"href":"https:\/\/www.residenciacarrejo.es\/index.php\/wp-json\/wp\/v2\/posts"}],"about":[{"href":"https:\/\/www.residenciacarrejo.es\/index.php\/wp-json\/wp\/v2\/types\/post"}],"author":[{"embeddable":true,"href":"https:\/\/www.residenciacarrejo.es\/index.php\/wp-json\/wp\/v2\/users\/1"}],"replies":[{"embeddable":true,"href":"https:\/\/www.residenciacarrejo.es\/index.php\/wp-json\/wp\/v2\/comments?post=258"}],"version-history":[{"count":1,"href":"https:\/\/www.residenciacarrejo.es\/index.php\/wp-json\/wp\/v2\/posts\/258\/revisions"}],"predecessor-version":[{"id":262,"href":"https:\/\/www.residenciacarrejo.es\/index.php\/wp-json\/wp\/v2\/posts\/258\/revisions\/262"}],"wp:featuredmedia":[{"embeddable":true,"href":"https:\/\/www.residenciacarrejo.es\/index.php\/wp-json\/wp\/v2\/media\/205"}],"wp:attachment":[{"href":"https:\/\/www.residenciacarrejo.es\/index.php\/wp-json\/wp\/v2\/media?parent=258"}],"wp:term":[{"taxonomy":"category","embeddable":true,"href":"https:\/\/www.residenciacarrejo.es\/index.php\/wp-json\/wp\/v2\/categories?post=258"},{"taxonomy":"post_tag","embeddable":true,"href":"https:\/\/www.residenciacarrejo.es\/index.php\/wp-json\/wp\/v2\/tags?post=258"}],"curies":[{"name":"wp","href":"https:\/\/api.w.org\/{rel}","templated":true}]}}